{"id":1746,"date":"2024-03-12T17:28:56","date_gmt":"2024-03-12T16:28:56","guid":{"rendered":"https:\/\/knofy.net\/?p=1746"},"modified":"2024-03-12T17:28:56","modified_gmt":"2024-03-12T16:28:56","slug":"medellin-und-guatape","status":"publish","type":"post","link":"https:\/\/knofy.net\/?p=1746","title":{"rendered":"Medell\u00edn und Guatap\u00e9"},"content":{"rendered":"\n<p>Von Lima h\u00e4tte es ja eigentlich noch in den Norden Perus und dann \u00fcber Land via Equador nach Kolumbien gehen sollen &#8211; der Ausnahmezustand in Equador bedeutet f\u00fcr uns aber umplanen, somit fliegen wir ab Lima direkt nach Medell\u00edn. Den Norden Perus sehen wir also nur von oben &#8211; der Blick vom Flieger auf die Cordillera Huayhuash und den Amazonas ist aber auch nicht schlecht (Equador \u00fcberfliegen wir nichteinmal, denn die Flugroute geht knapp \u00f6stlich vorbei).<\/p>\n\n\n\n<p>Unsere Zeit in Kolumbien startet in Medell\u00edn wo wir den ersten vollen Tag gleich nutzen um mit der Metro in die m\u00e4\u00dfig beeindruckende Altstadt zu fahren. Wir spazieren durchs Zentrum und beenden die Erkundung mal wieder bei einem aufgelassenen Bahnhof &#8211; typisch S\u00fcdamerika.<\/p>\n\n\n\n<figure class=\"wp-block-image size-large\"><img loading=\"lazy\" decoding=\"async\" width=\"1024\" height=\"683\" src=\"https:\/\/knofy.net\/wp-content\/uploads\/2024\/03\/001-1-1024x683.jpg\" alt=\"\" class=\"wp-image-1762\" srcset=\"https:\/\/knofy.net\/wp-content\/uploads\/2024\/03\/001-1-1024x683.jpg 1024w, https:\/\/knofy.net\/wp-content\/uploads\/2024\/03\/001-1-300x200.jpg 300w, https:\/\/knofy.net\/wp-content\/uploads\/2024\/03\/001-1-768x512.jpg 768w, https:\/\/knofy.net\/wp-content\/uploads\/2024\/03\/001-1.jpg 1080w\" sizes=\"auto, (max-width: 767px) 89vw, (max-width: 1000px) 54vw, (max-width: 1071px) 543px, 580px\" \/><\/figure>\n\n\n\n<figure class=\"wp-block-image size-full\"><img loading=\"lazy\" decoding=\"async\" width=\"720\" height=\"960\" src=\"https:\/\/knofy.net\/wp-content\/uploads\/2024\/03\/002-1.jpg\" alt=\"\" class=\"wp-image-1764\" srcset=\"https:\/\/knofy.net\/wp-content\/uploads\/2024\/03\/002-1.jpg 720w, https:\/\/knofy.net\/wp-content\/uploads\/2024\/03\/002-1-225x300.jpg 225w\" sizes=\"auto, (max-width: 720px) 100vw, 720px\" \/><\/figure>\n\n\n\n<figure class=\"wp-block-image size-large\"><img loading=\"lazy\" decoding=\"async\" width=\"1024\" height=\"576\" src=\"https:\/\/knofy.net\/wp-content\/uploads\/2024\/03\/003-1-1024x576.jpg\" alt=\"\" class=\"wp-image-1765\" srcset=\"https:\/\/knofy.net\/wp-content\/uploads\/2024\/03\/003-1-1024x576.jpg 1024w, https:\/\/knofy.net\/wp-content\/uploads\/2024\/03\/003-1-300x169.jpg 300w, https:\/\/knofy.net\/wp-content\/uploads\/2024\/03\/003-1-768x432.jpg 768w, https:\/\/knofy.net\/wp-content\/uploads\/2024\/03\/003-1.jpg 1280w\" sizes=\"auto, (max-width: 767px) 89vw, (max-width: 1000px) 54vw, (max-width: 1071px) 543px, 580px\" \/><\/figure>\n\n\n\n<p>Tag zwei steht eine Tour durch die Comuna 13 am Programm &#8211; vor wenigen Jahren noch der gef\u00e4hrlichste Stadtteil Medell\u00edns bzw. sogar eines der gef\u00e4hrlichsten Viertel der Welt. Der Bezirk war (und ist es m\u00f6gllicherweise immer noch) eine Drehscheibe f\u00fcr den Schmuggel von Drogen und auch Waffen, eine Hochburg f\u00fcr Drogenkartelle, Guerillas, Banden und paramilit\u00e4rische Gruppen.<\/p>\n\n\n\n<figure class=\"wp-block-image size-large\"><img loading=\"lazy\" decoding=\"async\" width=\"1024\" height=\"576\" src=\"https:\/\/knofy.net\/wp-content\/uploads\/2024\/03\/004-1-1024x576.jpg\" alt=\"\" class=\"wp-image-1766\" srcset=\"https:\/\/knofy.net\/wp-content\/uploads\/2024\/03\/004-1-1024x576.jpg 1024w, https:\/\/knofy.net\/wp-content\/uploads\/2024\/03\/004-1-300x169.jpg 300w, https:\/\/knofy.net\/wp-content\/uploads\/2024\/03\/004-1-768x432.jpg 768w, https:\/\/knofy.net\/wp-content\/uploads\/2024\/03\/004-1.jpg 1280w\" sizes=\"auto, (max-width: 767px) 89vw, (max-width: 1000px) 54vw, (max-width: 1071px) 543px, 580px\" \/><\/figure>\n\n\n\n<p>Mitte Oktober 2002 wurde mit der Operaci\u00f3n Ori\u00f3n eine der gr\u00f6\u00dften kolumbianischen Milit\u00e4raktionen in der Comuna 13 durchgef\u00fchrt. Milit\u00e4rs und mit ihnen agierende Paramilit\u00e4rs die von Hubschraubern unterst\u00fctzt wurden, durchk\u00e4mmten die schmalen Gassen des Viertels tagelang. Eine umstrittene Razzia mit vielen Todesopfern die in der nahen M\u00fcllhalde La Escombrera verscharrt wurden &#8211; eines der gr\u00f6\u00dften Massengr\u00e4ber der Welt und weiterhin als M\u00fcllhalde genutzt. Offiziell sollte die Comuna 13 von st\u00e4dtischen Milizen der FARC-Guerilla ges\u00e4ubert werden, inoffiziell \u00fcbernahmen die Paramilit\u00e4rs die Kontrolle \u00fcber die Drogenrouten &#8211; die Ruhe im Viertel steht also auf fragilen Beinen.<\/p>\n\n\n\n<figure class=\"wp-block-image size-large\"><img loading=\"lazy\" decoding=\"async\" width=\"1024\" height=\"683\" src=\"https:\/\/knofy.net\/wp-content\/uploads\/2024\/03\/005-1-1024x683.jpg\" alt=\"\" class=\"wp-image-1767\" srcset=\"https:\/\/knofy.net\/wp-content\/uploads\/2024\/03\/005-1-1024x683.jpg 1024w, https:\/\/knofy.net\/wp-content\/uploads\/2024\/03\/005-1-300x200.jpg 300w, https:\/\/knofy.net\/wp-content\/uploads\/2024\/03\/005-1-768x512.jpg 768w, https:\/\/knofy.net\/wp-content\/uploads\/2024\/03\/005-1.jpg 1080w\" sizes=\"auto, (max-width: 767px) 89vw, (max-width: 1000px) 54vw, (max-width: 1071px) 543px, 580px\" \/><\/figure>\n\n\n\n<p>Nach der Razzia investierte die Regierung in Gemeindezentren und in die Sanierung der Backsteinbauten, am Rande des Viertels entstanden neue Wohnblocks, au\u00dferdem wurden die Escaleras El\u00e9ctricas (Rolltreppen) gebaut die sich \u00fcber ca. 384m erstrecken und tiefer gelegene Viertel der Comuna 13 mit h\u00f6her gelegenen verbinden.<\/p>\n\n\n\n<figure class=\"wp-block-image size-large\"><img loading=\"lazy\" decoding=\"async\" width=\"1024\" height=\"683\" src=\"https:\/\/knofy.net\/wp-content\/uploads\/2024\/03\/006-1-1024x683.jpg\" alt=\"\" class=\"wp-image-1768\" srcset=\"https:\/\/knofy.net\/wp-content\/uploads\/2024\/03\/006-1-1024x683.jpg 1024w, https:\/\/knofy.net\/wp-content\/uploads\/2024\/03\/006-1-300x200.jpg 300w, https:\/\/knofy.net\/wp-content\/uploads\/2024\/03\/006-1-768x512.jpg 768w, https:\/\/knofy.net\/wp-content\/uploads\/2024\/03\/006-1.jpg 1080w\" sizes=\"auto, (max-width: 767px) 89vw, (max-width: 1000px) 54vw, (max-width: 1071px) 543px, 580px\" \/><\/figure>\n\n\n\n<p>Backsteinh\u00e4user, aber auch improvisierte Baracken, viele Stiegen, dazwischen bunte Graffitis und die neuen Rolltreppen die den Alltag erleichtern pr\u00e4gen das Viertel heute. Mittendrin Jugendliche die mit Hip-Hop-Performances ihr Geld verdienen und unz\u00e4hlige Touristen die sich das bunte Viertel anschauen. Politische Graffitis sind nicht mehr erlaubt &#8211; die Geschichte und den Alltag der Comuna rund um Bandenkriege, Vertreibung und Gewalt welcher fr\u00fcher bestimmendes Thema der Graffitis war findet man heute nicht mehr.<\/p>\n\n\n\n<figure class=\"wp-block-image size-large\"><img loading=\"lazy\" decoding=\"async\" width=\"1024\" height=\"683\" src=\"https:\/\/knofy.net\/wp-content\/uploads\/2024\/03\/007-1-1024x683.jpg\" alt=\"\" class=\"wp-image-1769\" srcset=\"https:\/\/knofy.net\/wp-content\/uploads\/2024\/03\/007-1-1024x683.jpg 1024w, https:\/\/knofy.net\/wp-content\/uploads\/2024\/03\/007-1-300x200.jpg 300w, https:\/\/knofy.net\/wp-content\/uploads\/2024\/03\/007-1-768x512.jpg 768w, https:\/\/knofy.net\/wp-content\/uploads\/2024\/03\/007-1.jpg 1080w\" sizes=\"auto, (max-width: 767px) 89vw, (max-width: 1000px) 54vw, (max-width: 1071px) 543px, 580px\" \/><\/figure>\n\n\n\n<p>Die Walking Tour mit den Infos rund um die Comuna 13 war sehr interessant, wir spazieren im Anschluss noch ein St\u00fcck entlang des Boulevards bevor wir die Rolltreppe hinunter nehmen. Den Nachmittag verbringen wir an Bord der Metrocable &#8211; der lokalen Seilbahn, mit der wir \u00fcber s\u00e4mtliche Teile der Stadt fahren und bis zum Abend besch\u00e4ftigt sind, dann geht es noch in den Taproom einer lokalen Brauerei wo wir den Abend ausklingen lassen.<\/p>\n\n\n\n<figure class=\"wp-block-image size-full\"><img loading=\"lazy\" decoding=\"async\" width=\"720\" height=\"960\" src=\"https:\/\/knofy.net\/wp-content\/uploads\/2024\/03\/008-1.jpg\" alt=\"\" class=\"wp-image-1770\" srcset=\"https:\/\/knofy.net\/wp-content\/uploads\/2024\/03\/008-1.jpg 720w, https:\/\/knofy.net\/wp-content\/uploads\/2024\/03\/008-1-225x300.jpg 225w\" sizes=\"auto, (max-width: 720px) 100vw, 720px\" \/><\/figure>\n\n\n\n<p>Weiter geht es mit dem Bus ins nahegelegene Guatap\u00e9, einer kleinen bunten Stadt an einem Stausee gelegen. Der See wurde f\u00fcr den Bau eines Wasserkraftwerkes aufgestaut und ist ein beliebter Ort f\u00fcr s\u00e4mtliche Wassersportaktivit\u00e4ten, passend dazu gibt es eine riesen Auswahl an Resorts am See f\u00fcr die einheimischen Touristen.<\/p>\n\n\n\n<p>Au\u00dferdem ist die Gegend f\u00fcr El Pe\u00f1ol, einem riesigen Felsen am Ufer des Sees bekannt. 200m ragt der Granitblock an dessen Seite sich eine Treppe hinauf windet aus der Landschaft und soll eine sch\u00f6ne Aussicht bieten &#8211; wir lassen den Aufstieg aber aus, wer zahlt denn schon, damit er in Kolonne unz\u00e4hlige Stiegen hinauf stapfen darf&#8230;<\/p>\n\n\n\n<figure class=\"wp-block-image size-large\"><img loading=\"lazy\" decoding=\"async\" width=\"576\" height=\"1024\" src=\"https:\/\/knofy.net\/wp-content\/uploads\/2024\/03\/001-2-576x1024.jpg\" alt=\"\" class=\"wp-image-1771\" srcset=\"https:\/\/knofy.net\/wp-content\/uploads\/2024\/03\/001-2-576x1024.jpg 576w, https:\/\/knofy.net\/wp-content\/uploads\/2024\/03\/001-2-169x300.jpg 169w, https:\/\/knofy.net\/wp-content\/uploads\/2024\/03\/001-2.jpg 720w\" sizes=\"auto, (max-width: 576px) 100vw, 576px\" \/><\/figure>\n\n\n\n<p>Die Stadt selbst besticht durch ihre farbenfrohen H\u00e4user mit den &#8220;Zocalos&#8221; bunte Reliefs im unteren Bereich der Au\u00dfenmauern auf s\u00e4mtlichen H\u00e4usern der Stadt &#8211; manche einfach nur dekorativ w\u00e4hrend andere Aufschluss \u00fcber das im Haus befindliche Unternehmen geben. Gro\u00df ist die Stadt ja nicht, trotzdem scheint es Bedarf an Taxis gegeben &#8211; so fahren durch die bunten Gassen auch noch farbenfrohe Motortaxis die die faulen Besucher von A nach B transportieren.<\/p>\n\n\n\n<figure class=\"wp-block-image size-large\"><img loading=\"lazy\" decoding=\"async\" width=\"683\" height=\"1024\" src=\"https:\/\/knofy.net\/wp-content\/uploads\/2024\/03\/002-2-683x1024.jpg\" alt=\"\" class=\"wp-image-1772\" srcset=\"https:\/\/knofy.net\/wp-content\/uploads\/2024\/03\/002-2-683x1024.jpg 683w, https:\/\/knofy.net\/wp-content\/uploads\/2024\/03\/002-2-200x300.jpg 200w, https:\/\/knofy.net\/wp-content\/uploads\/2024\/03\/002-2.jpg 720w\" sizes=\"auto, (max-width: 683px) 100vw, 683px\" \/><\/figure>\n\n\n\n<figure class=\"wp-block-image size-full\"><img loading=\"lazy\" decoding=\"async\" width=\"720\" height=\"960\" src=\"https:\/\/knofy.net\/wp-content\/uploads\/2024\/03\/003-2.jpg\" alt=\"\" class=\"wp-image-1773\" srcset=\"https:\/\/knofy.net\/wp-content\/uploads\/2024\/03\/003-2.jpg 720w, https:\/\/knofy.net\/wp-content\/uploads\/2024\/03\/003-2-225x300.jpg 225w\" sizes=\"auto, (max-width: 720px) 100vw, 720px\" \/><\/figure>\n","protected":false},"excerpt":{"rendered":"<p>Von Lima h\u00e4tte es ja eigentlich noch in den Norden Perus und dann \u00fcber Land via Equador nach Kolumbien gehen sollen &#8211; der Ausnahmezustand in Equador bedeutet f\u00fcr uns aber umplanen, somit fliegen wir ab Lima direkt nach Medell\u00edn. Den Norden Perus sehen wir also nur von oben &#8211; der Blick vom Flieger auf die &hellip; <\/p>\n<p class=\"link-more\"><a href=\"https:\/\/knofy.net\/?p=1746\" class=\"more-link\">Continue reading<span class=\"screen-reader-text\"> &#8220;Medell\u00edn und Guatap\u00e9&#8221;<\/span><\/a><\/p>\n","protected":false},"author":3,"featured_media":0,"comment_status":"closed","ping_status":"closed","sticky":false,"template":"","format":"standard","meta":{"footnotes":""},"categories":[30,7],"tags":[],"class_list":["post-1746","post","type-post","status-publish","format-standard","hentry","category-kolumbien","category-weltreise"],"_links":{"self":[{"href":"https:\/\/knofy.net\/index.php?rest_route=\/wp\/v2\/posts\/1746","targetHints":{"allow":["GET"]}}],"collection":[{"href":"https:\/\/knofy.net\/index.php?rest_route=\/wp\/v2\/posts"}],"about":[{"href":"https:\/\/knofy.net\/index.php?rest_route=\/wp\/v2\/types\/post"}],"author":[{"embeddable":true,"href":"https:\/\/knofy.net\/index.php?rest_route=\/wp\/v2\/users\/3"}],"replies":[{"embeddable":true,"href":"https:\/\/knofy.net\/index.php?rest_route=%2Fwp%2Fv2%2Fcomments&post=1746"}],"version-history":[{"count":7,"href":"https:\/\/knofy.net\/index.php?rest_route=\/wp\/v2\/posts\/1746\/revisions"}],"predecessor-version":[{"id":1774,"href":"https:\/\/knofy.net\/index.php?rest_route=\/wp\/v2\/posts\/1746\/revisions\/1774"}],"wp:attachment":[{"href":"https:\/\/knofy.net\/index.php?rest_route=%2Fwp%2Fv2%2Fmedia&parent=1746"}],"wp:term":[{"taxonomy":"category","embeddable":true,"href":"https:\/\/knofy.net\/index.php?rest_route=%2Fwp%2Fv2%2Fcategories&post=1746"},{"taxonomy":"post_tag","embeddable":true,"href":"https:\/\/knofy.net\/index.php?rest_route=%2Fwp%2Fv2%2Ftags&post=1746"}],"curies":[{"name":"wp","href":"https:\/\/api.w.org\/{rel}","templated":true}]}}